{"id":114375,"date":"2025-04-30T08:03:12","date_gmt":"2025-04-30T08:03:12","guid":{"rendered":"https:\/\/chezaspin.com\/blog\/index.php\/2025\/04\/30\/135-eligible-cardinals-2-absentees-a-look-at-the-conclave-electing-next-pope\/"},"modified":"2025-04-30T08:03:12","modified_gmt":"2025-04-30T08:03:12","slug":"135-eligible-cardinals-2-absentees-a-look-at-the-conclave-electing-next-pope","status":"publish","type":"post","link":"https:\/\/chezaspin.com\/blog\/135-eligible-cardinals-2-absentees-a-look-at-the-conclave-electing-next-pope\/","title":{"rendered":"135 eligible Cardinals, 2 absentees: A look at the Conclave electing next Pope"},"content":{"rendered":"<p class=\"has-drop-cap\">The 135 Cardinals Electors of the College of Cardinals hail from 71 different countries across the five continents.<\/p>\n<p>More than three-quarters of them (108)\u00a0 were appointed by Pope Francis, while 22 were created by Benedict XVI, and five by St. John Paul II, making them the \u201cveterans\u201d \u00a0of the Conclave. They are: French Cardinal Philippe Barbarin, Croatian Cardinal Josip Bozani\u0107 , Cardinal Vinko Pulji\u0107 from \u00a0Bosnia and Herzegovina, and Cardinal Peter Turkson from Ghana.<\/p>\n<h2 class=\"wp-block-heading\">A less euro-centric body<\/h2>\n<p><a href=\"https:\/\/www.vaticannews.va\/en\/vatican-city\/news\/2025-04\/conclave-elect-new-pope-cardinals-beginning-date-may-2025.html\"><\/a><\/p>\n<div class=\"wp-block-image\">\n<a href=\"https:\/\/www.vaticannews.va\/en\/vatican-city\/news\/2025-04\/conclave-elect-new-pope-cardinals-beginning-date-may-2025.html\"><\/a><\/div>\n<p>During his 12 years of pontificate Pope Francis significantly reshaped the College of Cardinals, making it a less Euro-centric and a more international body. This reflected both the late Pope\u2019s personal inclination to shift the centre of gravity of Catholicism toward the Global South, with a focus on the \u201cperipheries\u201d, and the broader trend that the Church of the future will likely have an increasingly non-European face.<\/p>\n<p>For the first time, 12 nations will be represented by their native Cardinal electors. They include: Cardinals Chibly Langlois from Haiti; Arlindo Furtado Gomes from Cape Verde; Dieudonn\u00e9 Nzapalainga from the Central African Republic; John Ribat from Papua New Guinea; Sebastian Francis from Malaysia; Anders Arborelius from Sweden; Jean-Claude Hollerich from Luxembourg; Cardinal Virgilio do Carmo da Silva from Timor Leste; William Seng Chye Goh from Singapore; Adalberto Mart\u00ednez Flores from Paraguay; Stephen Ameyu Martin Mulla from South Sudan, and Cardinal Ladislav Nemet from Serbia.<\/p>\n<h2 class=\"wp-block-heading\">53 Cardinals from Europe<\/h2>\n<p>However, Europe still carries a significant weight in the College of Cardinals. The old continent is represented \u00a0by 53 Cardinal electors (some of whom head Dioceses and Archdioceses in non-European countries, or serve as Apostolic Nuncios abroad or in the Curia), with Italy still having the largest number (19), followed by France (6) and Spain (5).<\/p>\n<h2 class=\"wp-block-heading\">37 Cardinals from the Americas, 23 from Asia, 18 from Africa and 4 from Oceania<\/h2>\n<p>37 Cardinal electors are from the Americas (16 from North America, 4 from Central America, and 17 from South America), 23 from Asia, 18 from Africa, and 4 from Oceania<\/p>\n<p>Thus, while the European Cardinals still represent the majority of those who will gather in the Conclave, the \u201crest of the world\u201d now clearly surpasses Europe, with the Americas as a whole significantly increasing its \u201cweight\u201d.<\/p>\n<p>Although regional representation alone won\u2019t determine the outcome of the election of the new Pope, which is also influenced \u00a0by other critical factors, the geographical aspect cannot be overlooked given the global impact of the Pope\u2019s role.<\/p>\n<h2 class=\"wp-block-heading\">The ages of the Cardinal electors<\/h2>\n<p>Regarding the age of the Electors, \u00a0the youngest Cardinal in the College is the Australian Ukrainian-born Mikola Bychok, aged 45,\u00a0 while the oldest is the Spaniard Carlos Osoro Sierra, aged 79.<\/p>\n<p>Six Cardinals \u00a0were born in the Seventies : they are \u00a0Italian Cardinal Baldassarre Reina, the Vicar of the Diocese of Rome who will turn 55 this coming November; \u00a0Canadian Frank Leo (1971); Lithuanian Cardinal Rolandas Makrickas, the Coadjutor Archpriest of the Basilica of Saint Mary Major (1972); Indian George Jacob Koovakad, Prefect of the Dicastery for Interreligious Dialogue (1973); Portuguese \u00a0Am\u00e9rico Manuel Alves Aguiar (1973), and Italian-born Giorgio Marengo (1974), Apostolic Prefect of Ulaanbaatar in Mongolia, which will be represented for the first time ever in a Conclave.<\/p>\n<p>Other age groups include 50 Cardinals born in the Fourties, 47 in the Fifties ,and\u00a0 31 in the Sixties. The most represented birth year group is 1947, with 13 Cardinals aged or approaching 78.<\/p>\n<h2 class=\"wp-block-heading\">33 Cardinals belonging to religious orders<\/h2>\n<p>Among the Cardinal electors, 33 belong to 18 different religious orders. The Salesians are the most represented with five members: Cardinal Charles Maung Bo, Virgilio Do Carmo da Silva, \u00c1ngel Fern\u00e1ndez Artime, Crist\u00f3bal L\u00f3pez Romero, and Daniel Sturla Berhouet. Four belong the Order of Friars Minor (Luis Cabrera Herrera, Pierbattista Pizzaballa, Jaime Spengler, and Leonardo Steiner) and four are Jesuits (Stephen Chow Sau-yan, Michael Czerny, Jean-Claude Hollerich, and \u00c1ngel Rossi). Three are Conventual Franciscans (Fran\u00e7ois-Xavier Bustillo, Mauro Gambetti, and Dominique Mathieu).<\/p>\n<p>Attending the Conclave will also be two Dominicans (Timothy Radcliffe and Jean-Paul Vesco), two Redemptorists (Mykola Bychok and Joseph Tobin), two members of the Divine Word Missionaries (Tarcisio Kikuchi and Ladislav Nemet), and one each from several other Congregations: Augustinian Robert Prevost,\u00a0 Capuchin Fridolin Ambongo Besungu Discalced Carmelite Anders Arborelius, Cistercian Orani Jo\u00e3o Tempesta, Claretian Vicente Bokalic Iglic, Pius X Secular Institute member G\u00e9rald Lacroix, Lazarist Berhaneyesus Demerew Souraphiel, Consolata Missionary Giorgio Marengo, Missionary of the Sacred Heart John Ribat, Scalabrinian Fabio Baggio, and Spiritan Dieudonn\u00e9 Nzapalainga.<\/p>\n<h2 class=\"wp-block-heading\">Two absentees<\/h2>\n<p>Of the 135 Cardinals eligible to vote, two have confirmed they won\u2019t be able to attend the Conclave for health reasons bringing\u00a0 the total\u00a0 down to 133.<\/p>\n<p><em>By Lisa Zengarini and Tiziana Campisi [Vatican News]<\/em><\/p>","protected":false},"excerpt":{"rendered":"<p>The 135 Cardinals Electors of the College of Cardinals hail from 71 different countries across the five continents. More than three-quarters of them (108)\u00a0 were appointed by Pope Francis, while 22 were created by Benedict XVI, and five by St. John Paul II, making them the \u201cveterans\u201d \u00a0of the Conclave. They are: French Cardinal Philippe [&hellip;]<\/p>\n","protected":false},"author":0,"featured_media":0,"comment_status":"open","ping_status":"closed","sticky":false,"template":"","format":"standard","meta":{"jetpack_post_was_ever_published":false,"_jetpack_newsletter_access":"","_jetpack_dont_email_post_to_subs":false,"_jetpack_newsletter_tier_id":0,"footnotes":""},"categories":[1],"tags":[],"class_list":["post-114375","post","type-post","status-publish","format-standard","hentry","category-uncategorized","entry"],"jetpack_sharing_enabled":true,"jetpack_featured_media_url":"","jetpack-related-posts":[],"_links":{"self":[{"href":"https:\/\/chezaspin.com\/blog\/wp-json\/wp\/v2\/posts\/114375","targetHints":{"allow":["GET"]}}],"collection":[{"href":"https:\/\/chezaspin.com\/blog\/wp-json\/wp\/v2\/posts"}],"about":[{"href":"https:\/\/chezaspin.com\/blog\/wp-json\/wp\/v2\/types\/post"}],"replies":[{"embeddable":true,"href":"https:\/\/chezaspin.com\/blog\/wp-json\/wp\/v2\/comments?post=114375"}],"version-history":[{"count":0,"href":"https:\/\/chezaspin.com\/blog\/wp-json\/wp\/v2\/posts\/114375\/revisions"}],"wp:attachment":[{"href":"https:\/\/chezaspin.com\/blog\/wp-json\/wp\/v2\/media?parent=114375"}],"wp:term":[{"taxonomy":"category","embeddable":true,"href":"https:\/\/chezaspin.com\/blog\/wp-json\/wp\/v2\/categories?post=114375"},{"taxonomy":"post_tag","embeddable":true,"href":"https:\/\/chezaspin.com\/blog\/wp-json\/wp\/v2\/tags?post=114375"}],"curies":[{"name":"wp","href":"https:\/\/api.w.org\/{rel}","templated":true}]}}